{"id":305,"date":"2017-06-26T14:58:55","date_gmt":"2017-06-26T12:58:55","guid":{"rendered":"http:\/\/lesamisdelorguedemonteux.com\/?p=305"},"modified":"2019-03-03T21:55:51","modified_gmt":"2019-03-03T20:55:51","slug":"un-conte-musical-revele-le-pont-davignon","status":"publish","type":"post","link":"https:\/\/lesamisdelorguedemonteux.com\/index.php\/2017\/06\/26\/un-conte-musical-revele-le-pont-davignon\/","title":{"rendered":"Un conte musical r\u00e9v\u00e8le le Pont d\u2019Avignon"},"content":{"rendered":"<p>Retour sur le conte Musical \u00e9crit et racont\u00e9 par Serge BARBUSCIA lors du concert du 24 Juin 2017 intitul\u00e9 \u00ab <a href=\"http:\/\/lesamisdelorguedemonteux.com\/index.php\/event\/orgue-et-texte\/\" target=\"_blank\" rel=\"noopener noreferrer\">Le secret du pont d\u2019Avignon<\/a> \u00bb.<\/p>\n<p>&nbsp;<\/p>\n<blockquote><p>&#8220;Samedi, c&#8217;est un concert d&#8217;orgue tr\u00e8s original que l&#8217;association des Amis de l&#8217;orgue de Monteux a pr\u00e9sent\u00e9 au public. Il s&#8217;agissait d&#8217;un conte musical sur le pont d&#8217;Avignon. L&#8217;occasion pour Serge\u00a0BARBUSCIA de narrer la merveilleuse histoire de ce pont, qui n&#8217;a plus que quatre arches, \u00e0 travers un texte dont il est l&#8217;auteur.<br \/>\nLe public a pu non seulement poser des dates et des rep\u00e8res sur l&#8217;histoire de cet \u00e9difice souvent fort mal connu. Ce conte offre une lecture \u00e0 plusieurs niveaux entre histoire, philosophie et po\u00e9sie. Pour les enfants, c&#8217;est une belle invitation \u00e0 persister dans ses projets, se battre et avoir confiance en soi tout comme ce pont expos\u00e9 aux violences sans merci du Rh\u00f4ne.<br \/>\nPour qui est sensible \u00e0 la po\u00e9sie et \u00e0 la nature, c&#8217;est une harmonie des quatre \u00e9l\u00e9ments, l&#8217;eau, l&#8217;air, le feu et la terre. Quatre comme le nombre des arches qui ont pu r\u00e9sister \u00e0 la violence destructrice du fleuve. Et pour terminer le spectacle,\u00a0Serge\u00a0BARBUSCIA lance cet appel terriblement d&#8217;actualit\u00e9 du respect de la nature. Il \u00e9tait accompagn\u00e9 \u00e0 l&#8217;orgue par le talentueux Luc ANTONINI connu de tous les amoureux de ce merveilleux instrument.<br \/>\nLa mise en sc\u00e8ne avait cr\u00e9\u00e9 un fond de sc\u00e8ne drap\u00e9 de blanc pour recevoir tout au long du spectacle l&#8217;\u00e9vocation imag\u00e9e du site. C&#8217;\u00e9tait un moment qui a enchant\u00e9 le public qui a remerci\u00e9\u00a0Serge\u00a0BARBUSCIA et Luc ANTONINI, par un tonnerre d&#8217;applaudissements.&#8221;<\/p><\/blockquote>\n<p>&nbsp;<\/p>\n<p>Merci au Vaucluse matin pour cet article.<\/p>\n<figure id=\"attachment_306\" aria-describedby=\"caption-attachment-306\" style=\"width: 750px\" class=\"wp-caption aligncenter\"><img decoding=\"async\" loading=\"lazy\" class=\"wp-image-306 size-large\" src=\"http:\/\/lesamisdelorguedemonteux.com\/wp-content\/uploads\/2018\/03\/20170626_Dauphin\u00e9_Pont-_Avignon-1024x512.jpg\" alt=\"Dauphin\u00e9 Le secret du Pont Avignon Orgue Monteux\" width=\"750\" height=\"375\" srcset=\"https:\/\/lesamisdelorguedemonteux.com\/wp-content\/uploads\/2018\/03\/20170626_Dauphin\u00e9_Pont-_Avignon-1024x512.jpg 1024w, https:\/\/lesamisdelorguedemonteux.com\/wp-content\/uploads\/2018\/03\/20170626_Dauphin\u00e9_Pont-_Avignon-300x150.jpg 300w, https:\/\/lesamisdelorguedemonteux.com\/wp-content\/uploads\/2018\/03\/20170626_Dauphin\u00e9_Pont-_Avignon-768x384.jpg 768w, https:\/\/lesamisdelorguedemonteux.com\/wp-content\/uploads\/2018\/03\/20170626_Dauphin\u00e9_Pont-_Avignon-750x375.jpg 750w, https:\/\/lesamisdelorguedemonteux.com\/wp-content\/uploads\/2018\/03\/20170626_Dauphin\u00e9_Pont-_Avignon-600x300.jpg 600w, https:\/\/lesamisdelorguedemonteux.com\/wp-content\/uploads\/2018\/03\/20170626_Dauphin\u00e9_Pont-_Avignon.jpg 1308w\" sizes=\"(max-width: 750px) 100vw, 750px\" \/><figcaption id=\"caption-attachment-306\" class=\"wp-caption-text\">Article publi\u00e9 le 26 Juin 2017 dans le journal Le Vaucluse matin<\/figcaption><\/figure>\n<p>&nbsp;<\/p>\n<p>&nbsp;<\/p>\n","protected":false},"excerpt":{"rendered":"<p>Retour sur le conte Musical \u00e9crit et racont\u00e9 par Serge BARBUSCIA lors du concert du 24 Juin 2017 intitul\u00e9 \u00ab Le secret du pont d\u2019Avignon \u00bb. &nbsp; &#8220;Samedi, c&#8217;est un concert d&#8217;orgue tr\u00e8s original que l&#8217;association des Amis de l&#8217;orgue de Monteux a pr\u00e9sent\u00e9 au public. Il s&#8217;agissait d&#8217;un conte musical sur le pont d&#8217;Avignon. [&hellip;]<\/p>\n","protected":false},"author":1,"featured_media":315,"comment_status":"closed","ping_status":"open","sticky":false,"template":"","format":"standard","meta":[],"categories":[5],"tags":[29],"_links":{"self":[{"href":"https:\/\/lesamisdelorguedemonteux.com\/index.php\/wp-json\/wp\/v2\/posts\/305"}],"collection":[{"href":"https:\/\/lesamisdelorguedemonteux.com\/index.php\/wp-json\/wp\/v2\/posts"}],"about":[{"href":"https:\/\/lesamisdelorguedemonteux.com\/index.php\/wp-json\/wp\/v2\/types\/post"}],"author":[{"embeddable":true,"href":"https:\/\/lesamisdelorguedemonteux.com\/index.php\/wp-json\/wp\/v2\/users\/1"}],"replies":[{"embeddable":true,"href":"https:\/\/lesamisdelorguedemonteux.com\/index.php\/wp-json\/wp\/v2\/comments?post=305"}],"version-history":[{"count":7,"href":"https:\/\/lesamisdelorguedemonteux.com\/index.php\/wp-json\/wp\/v2\/posts\/305\/revisions"}],"predecessor-version":[{"id":426,"href":"https:\/\/lesamisdelorguedemonteux.com\/index.php\/wp-json\/wp\/v2\/posts\/305\/revisions\/426"}],"wp:featuredmedia":[{"embeddable":true,"href":"https:\/\/lesamisdelorguedemonteux.com\/index.php\/wp-json\/wp\/v2\/media\/315"}],"wp:attachment":[{"href":"https:\/\/lesamisdelorguedemonteux.com\/index.php\/wp-json\/wp\/v2\/media?parent=305"}],"wp:term":[{"taxonomy":"category","embeddable":true,"href":"https:\/\/lesamisdelorguedemonteux.com\/index.php\/wp-json\/wp\/v2\/categories?post=305"},{"taxonomy":"post_tag","embeddable":true,"href":"https:\/\/lesamisdelorguedemonteux.com\/index.php\/wp-json\/wp\/v2\/tags?post=305"}],"curies":[{"name":"wp","href":"https:\/\/api.w.org\/{rel}","templated":true}]}}